{"id":2109,"date":"2018-03-27T10:33:07","date_gmt":"2018-03-27T09:33:07","guid":{"rendered":"http:\/\/maremma.it\/blog\/?p=2109\/"},"modified":"2018-03-27T10:33:07","modified_gmt":"2018-03-27T09:33:07","slug":"la-spiaggia-di-cala-violina","status":"publish","type":"post","link":"https:\/\/www.maremma.it\/blog\/la-spiaggia-di-cala-violina\/","title":{"rendered":"La Spiaggia di Cala Violina"},"content":{"rendered":"<h2>Cala Violina: gioiello della Maremma<\/h2>\n<p>Situata tra Follonica e Punta Ala, la spiaggia di <strong>Cala Violina<\/strong> \u00e8 una delle pi\u00f9 famose della Maremma. Si trova all\u2019interno della Riserva Naturale delle Bandite di Scarlino ed \u00e8 raggiungibile solo a piedi o con la mountain bike.<\/p>\n<p>La sabbia della spiaggia di Cala Violina \u00e8 <strong>chiara, granulosa con piccoli granelli di quarzo<\/strong>. A Cala Violina non si trovano stabilimenti balneari n\u00e9 alcun servizio per i bagnanti. Occorre quindi attrezzarsi con ombrellone, sedie, acqua e cibo sufficienti per l\u2019intera giornata.<\/p>\n<p>Il particolare nome della spiaggia deriva dal suono che la sabbia emette quando ci si cammina sopra a piedi nudi. Ricorda <strong>il suono, molto flebile, di un violino<\/strong>. Proprio perch\u00e9 molto flebile \u00e8 difficile avvertirlo in estate quando la spiaggia \u00e8 affollata di turisti. Il periodo migliore per visitare la spiaggia e ascoltare la sua magia \u00e8 la primavera o l\u2019autunno. Nonostante le temperature, non proprio ideali, il mare azzurro cristallino invita a tuffarsi anche in queste due stagioni.<\/p>\n<p><img loading=\"lazy\" decoding=\"async\" class=\"alignnone wp-image-2112 size-large\" src=\"http:\/\/maremma.it\/blog\/wp-content\/uploads\/2018\/03\/beach-3145655_960_720-650x431.jpg\" alt=\"\" width=\"650\" height=\"431\" srcset=\"https:\/\/www.maremma.it\/blog\/wp-content\/uploads\/2018\/03\/beach-3145655_960_720-650x431.jpg 650w, https:\/\/www.maremma.it\/blog\/wp-content\/uploads\/2018\/03\/beach-3145655_960_720-250x166.jpg 250w, https:\/\/www.maremma.it\/blog\/wp-content\/uploads\/2018\/03\/beach-3145655_960_720-400x265.jpg 400w, https:\/\/www.maremma.it\/blog\/wp-content\/uploads\/2018\/03\/beach-3145655_960_720-768x510.jpg 768w, https:\/\/www.maremma.it\/blog\/wp-content\/uploads\/2018\/03\/beach-3145655_960_720-150x100.jpg 150w, https:\/\/www.maremma.it\/blog\/wp-content\/uploads\/2018\/03\/beach-3145655_960_720-800x531.jpg 800w, https:\/\/www.maremma.it\/blog\/wp-content\/uploads\/2018\/03\/beach-3145655_960_720.jpg 960w\" sizes=\"(max-width: 650px) 100vw, 650px\" \/><\/p>\n<h3>Arrivare a Cala Violina<\/h3>\n<p>Dalla Strada Provinciale 158 inizia una strada sterrata che termina con un <strong>parcheggio<\/strong> a numero chiuso. Data la notoriet\u00e0 della spiaggia \u00e8 preferibile arrivare al mattino presto per trovare un posto libero. Dal parcheggio si accede al <strong>sentiero sterrato<\/strong> che raggiunge Cala Violina.<\/p>\n<p>Si tratta di un sentiero piuttosto lungo e faticoso. Si sviluppa attraverso la pineta mediterranea locale per circa<strong> 1,5 km<\/strong>, ovvero 20-30 minuti di camminata. Sono necessarie scarpe comode e buona prestanza fisica sia che si decida di percorrerlo a piedi che in bicicletta.<br \/>\nTrovandosi all\u2019interno di una riserva ambientale, il percorso \u00e8 decisamente suggestivo.<\/p>\n<p><iframe loading=\"lazy\" style=\"border: 0;\" src=\"https:\/\/www.google.com\/maps\/embed?pb=!1m18!1m12!1m3!1d2099.7309718516353!2d10.774342829057362!3d42.85737867302048!2m3!1f0!2f0!3f0!3m2!1i1024!2i768!4f13.1!3m3!1m2!1s0x1329dae11df2da1f%3A0x19791ae62afdbf30!2sCala+Violina!5e1!3m2!1sit!2sit!4v1522143161401\" width=\"600\" height=\"450\" frameborder=\"0\" allowfullscreen=\"allowfullscreen\"><\/iframe><\/p>\n<h3>La spiaggia di Cala Martina<\/h3>\n<p>Utilizzando lo stesso parcheggio come punto di partenza, si pu\u00f2 raggiungere anche la <strong>spiaggia di Cala Martina<\/strong>.<br \/>\nPi\u00f9 piccola e meno conosciuta della sorella, Cala Martina \u00e8 caratterizzata da un\u2019atmosfera intima e suggestiva. Non c\u2019\u00e8 sabbia ma solo ghiaia e sassolini arrotondati o scogli ideali per stendersi al sole e ottenere un\u2019abbronzatura perfetta. Il mare \u00e8 assolutamente incantevole, con riflessi azzurri, verdi e blu.<br \/>\nAnche Cala Martina \u00e8 posta all\u2019interno della Riserva Naturale delle Bandite di Scarlino e presenta un territorio incontaminato.<\/p>\n<p><iframe loading=\"lazy\" style=\"border: 0;\" src=\"https:\/\/www.google.com\/maps\/embed?pb=!1m18!1m12!1m3!1d3164.1441003786113!2d10.769410215489959!3d42.86728801091009!2m3!1f0!2f0!3f0!3m2!1i1024!2i768!4f13.1!3m3!1m2!1s0x1329db1bd4d3d793%3A0x745ee725a85301a1!2sCala+Martina!5e1!3m2!1sit!2sit!4v1522143203010\" width=\"600\" height=\"450\" frameborder=\"0\" allowfullscreen=\"allowfullscreen\"><\/iframe><\/p>\n","protected":false},"excerpt":{"rendered":"<p>Cala Violina: gioiello della Maremma Situata tra Follonica e Punta Ala, la spiaggia di Cala Violina \u00e8 una delle pi\u00f9 famose della Maremma. Si trova all\u2019interno della Riserva Naturale delle Bandite di Scarlino ed \u00e8 raggiungibile solo a piedi o con la mountain bike. La sabbia della spiaggia di Cala Violina \u00e8 chiara, granulosa con [&hellip;]<\/p>\n","protected":false},"author":1,"featured_media":2111,"comment_status":"closed","ping_status":"open","sticky":false,"template":"","format":"standard","meta":{"footnotes":""},"categories":[280],"tags":[281,272,282,283],"class_list":["post-2109","post","type-post","status-publish","format-standard","has-post-thumbnail","hentry","category-natura","tag-aree-protette","tag-escursioni","tag-mare","tag-spiagge"],"_links":{"self":[{"href":"https:\/\/www.maremma.it\/blog\/wp-json\/wp\/v2\/posts\/2109"}],"collection":[{"href":"https:\/\/www.maremma.it\/blog\/wp-json\/wp\/v2\/posts"}],"about":[{"href":"https:\/\/www.maremma.it\/blog\/wp-json\/wp\/v2\/types\/post"}],"author":[{"embeddable":true,"href":"https:\/\/www.maremma.it\/blog\/wp-json\/wp\/v2\/users\/1"}],"replies":[{"embeddable":true,"href":"https:\/\/www.maremma.it\/blog\/wp-json\/wp\/v2\/comments?post=2109"}],"version-history":[{"count":2,"href":"https:\/\/www.maremma.it\/blog\/wp-json\/wp\/v2\/posts\/2109\/revisions"}],"predecessor-version":[{"id":2113,"href":"https:\/\/www.maremma.it\/blog\/wp-json\/wp\/v2\/posts\/2109\/revisions\/2113"}],"wp:featuredmedia":[{"embeddable":true,"href":"https:\/\/www.maremma.it\/blog\/wp-json\/wp\/v2\/media\/2111"}],"wp:attachment":[{"href":"https:\/\/www.maremma.it\/blog\/wp-json\/wp\/v2\/media?parent=2109"}],"wp:term":[{"taxonomy":"category","embeddable":true,"href":"https:\/\/www.maremma.it\/blog\/wp-json\/wp\/v2\/categories?post=2109"},{"taxonomy":"post_tag","embeddable":true,"href":"https:\/\/www.maremma.it\/blog\/wp-json\/wp\/v2\/tags?post=2109"}],"curies":[{"name":"wp","href":"https:\/\/api.w.org\/{rel}","templated":true}]}}