{"id":2448,"date":"2023-01-25T11:18:20","date_gmt":"2023-01-25T10:18:20","guid":{"rendered":"http:\/\/www.maremma.it\/blog\/?p=2448\/"},"modified":"2024-09-10T15:50:37","modified_gmt":"2024-09-10T14:50:37","slug":"roccalbegna","status":"publish","type":"post","link":"https:\/\/www.maremma.it\/blog\/roccalbegna\/","title":{"rendered":"Roccalbegna"},"content":{"rendered":"<p>Roccalbegna \u00e8 un comune italiano di 922 abitanti della provincia di Grosseto in Toscana.<\/p>\n<p>Situato a circa 43 km dal capoluogo, il centro sorge nell&#8217;alta valle del fiume Albegna, ai piedi di due ripide rupi, una pi\u00f9 alta dell&#8217;altra, su ognuna delle quali sorge una fortificazione, la Rocca aldobrandesca e il Cassero Senese.<\/p>\n<p>Il territorio comunale si estende nella parte pi\u00f9 interna e settentrionale delle Colline dell&#8217;Albegna e del Fiora, ed \u00e8 solcato dal medio corso del fiume Albegna. Confina a nord con il comune di Arcidosso, a est con il comune di Santa Fiora, a sud-est con il comune di Semproniano, a sud-ovest con il comune di Scansano e a nord-ovest con il comune di Campagnatico.<\/p>\n<p>L&#8217;altitudine varia tra le pi\u00f9 diffuse quote collinari e quelle montuose che iniziano a registrarsi nella parte settentrionale ed orientale del territorio, in prossimit\u00e0 delle prime pendici del massiccio montuoso del monte Amiata. Mentre la frazione di Cana si eleva a 480 metri s.l.m., il centro di Roccalbegna \u00e8 a 522 metri s.l.m. (quote simili si registrano anche a Santa Caterina e a Vallerona), mentre la localit\u00e0 di Triana \u00e8 situata alla quota di 769 metri s.l.m. che corrisponde alla stessa altitudine della vetta del monte Faete che si eleva all&#8217;estremit\u00e0 sud-occidentale del territorio comunale.<\/p>\n<p><em><strong>Luoghi d&#8217;interesse del borgo:<\/strong><\/em><br \/>\n<strong>Le mura di Roccalbegna<\/strong> costituiscono il sistema difensivo del nucleo storico del borgo di Roccalbegna.<br \/>\nLa cinta muraria fu costruita nel corso del XIII secolo prima dai conti Aldobrandeschi e successivamente dalla Repubblica di Siena, che intervall\u00f2 il perimetro con torri di avvistamento. Nel corso del 1445 furono intrapresi alcuni lavori di ristrutturazione, da ricordare quelli del 1468 ad opera dell&#8217;architetto Giuliano di Bartolo. In et\u00e0 contemporanea \u00e8 stata demolita una parte delle mura con la porta di Montagna, che volgeva a nord.<\/p>\n<p>Delle antiche porte rimane oggi solamente la <strong>porta di Maremma<\/strong>, rivolta a sud, e che d\u00e0 all&#8217;esterno sulla piazzetta della chiesa della Madonna del Soccorso. La porta a nord, porta di Montagna, oggi non esiste pi\u00f9, ed \u00e8 la continuazione di via Garibaldi che si apre sulla piazza fuori dal perimetro, per la cui costruzione \u00e8 stata demolita una piccola parte delle mura. Delle <strong>torri senesi<\/strong> ne rimangono tre, di cui una riabbassata e notevolmente rimaneggiata.<\/p>\n<p>La<strong> rocca aldobrandesca<\/strong>, chiamata anche il <strong>Sasso<\/strong>, \u00e8 un castello in rovina, si trova sulla vetta della rupe pi\u00f9 elevata che domina l&#8217;abitato sottostante. Rimango imponenti ruderi e le strutture murarie sono completamente rivestite in pietra, con alcune feritoie che si aprono ad altezze diverse. Esse si articolano a forma irregolare, adattandosi alla particolare orografia della vetta della rupe; la fortificazione, oramai priva di copertura sommitale, doveva svilupparsi almeno su due livelli.<\/p>\n<p>Essa fu costruita in <strong>epoca medievale<\/strong>; gli Aldobrandeschi utilizzarono questa fortificazione con <strong>funzioni difensive e di avvistamento<\/strong>; la sua particolare posizione, rendeva la fortificazione praticamente inespugnabile ed era stata studiata anche come rifugio per la popolazione in caso di assedio condotto da truppe nemiche. Durante il Duecento, la rocca costituiva il fulcro del sistema difensivo assieme al Cassero ubicato sulla vetta dell&#8217;altra rupe.<br \/>\nLa Rocca negli anni fu abbandonata e solo nel 1624 divent\u00f2 palazzo cittadino per i Bichi; da allora, la rocca \u00e8 stata completamente abbandonata, giungendo fino ad oggi sotto forma di imponenti ruderi che ricordano la sua passata grandiosit\u00e0.<\/p>\n<p>Il <strong>Castello di Trina,<\/strong> presente fin dal 760, ma la sua esistenza \u00e8 attestata solo dalla divisione dei beni degli Aldobrandeschi del 1216, quando fu assegnato al ramo di Santa Fiora. Nel 1388 la Triana fu acquistata dalla famiglia senese dei Piccolomini che lo fecero divenire sede di una signoria rurale nel corso del Cinquecento.<\/p>\n<p>I Piccolomini rimasero proprietari del castello e dei terreni circostanti fino al 1962, quando il castello, notevolmente trasformato e con scarsi resti delle forme originarie, \u00e8 stato lasciato alla Societ\u00e0 di esecutori di pie disposizioni di Siena. L&#8217;antico castello medievale \u00e8 racchiuso all&#8217;interno di una c<strong>inta muraria con un&#8217;unica porta d&#8217;accesso<\/strong>: il complesso comprende anche un torrione che costituiva la residenza signorile e due fabbricati disposti intorno ad un cortile.<\/p>\n<p><em><strong>Tradizioni e folclore<\/strong><\/em><br \/>\nL&#8217;antico rito del fuoco, la <strong>Focarazza<\/strong>, si tiene a Santa Caterina la sera del 24 novembre, cio\u00e8 la vigilia del &#8220;compleanno&#8221; di santa Caterina d&#8217;Alessandria, il parroco del piccolo centro s&#8217;inerpica in processione sul poggio che lo sovrasta e benedice una normale catasta di fascine e legna in mezzo alla quale \u00e8 conficcato un lungo palo di cerro, il cosiddetto &#8220;stollo&#8221;.<\/p>\n<p>Al termine della cerimonia religiosa si <strong>appicca il fuoco alla catasta<\/strong> e si lascia che le fiamme si alzino al cielo, ad illuminare una campagna ormai avvolta nell&#8217;oscurit\u00e0 della sera. Quando il fuoco diminuisce d&#8217;intensit\u00e0 entrano in azione gli uomini di Santa Caterina, divisi in gruppi a seconda della contrada d&#8217;appartenenza. Ogni partecipante s&#8217;impegna, in una sorta di ancestrale rito purificatore, a sfidare il calore e il fumo per tentare di impadronirsi dello &#8220;stollo&#8221; e portarlo nel proprio rione.<\/p>\n<p>Successivamente il tronco viene tagliato in tanti pezzi quanti sono stati i partecipanti, cos\u00ec ognuno pu\u00f2 portare a casa una porzione di dell&#8217;oggetto. In seguito ogni pezzo verr\u00e0 messo a bruciare nel caminetto di casa e quando le fiamme lo avranno del tutto consumato si prenderanno le <strong>ceneri che poi saranno disperse nei campi e negli orti<\/strong> quale auspicio per una fertile stagione agricola.<\/p>\n","protected":false},"excerpt":{"rendered":"<p>Roccalbegna \u00e8 un comune italiano di 922 abitanti della provincia di Grosseto in Toscana. Situato a circa 43 km dal capoluogo, il centro sorge nell&#8217;alta valle del fiume Albegna, ai piedi di due ripide rupi, una pi\u00f9 alta dell&#8217;altra, su ognuna delle quali sorge una fortificazione, la Rocca aldobrandesca e il Cassero Senese. Il territorio [&hellip;]<\/p>\n","protected":false},"author":1,"featured_media":2449,"comment_status":"closed","ping_status":"open","sticky":false,"template":"","format":"standard","meta":{"footnotes":""},"categories":[314],"tags":[],"class_list":["post-2448","post","type-post","status-publish","format-standard","has-post-thumbnail","hentry","category-cultura"],"_links":{"self":[{"href":"https:\/\/www.maremma.it\/blog\/wp-json\/wp\/v2\/posts\/2448"}],"collection":[{"href":"https:\/\/www.maremma.it\/blog\/wp-json\/wp\/v2\/posts"}],"about":[{"href":"https:\/\/www.maremma.it\/blog\/wp-json\/wp\/v2\/types\/post"}],"author":[{"embeddable":true,"href":"https:\/\/www.maremma.it\/blog\/wp-json\/wp\/v2\/users\/1"}],"replies":[{"embeddable":true,"href":"https:\/\/www.maremma.it\/blog\/wp-json\/wp\/v2\/comments?post=2448"}],"version-history":[{"count":1,"href":"https:\/\/www.maremma.it\/blog\/wp-json\/wp\/v2\/posts\/2448\/revisions"}],"predecessor-version":[{"id":2450,"href":"https:\/\/www.maremma.it\/blog\/wp-json\/wp\/v2\/posts\/2448\/revisions\/2450"}],"wp:featuredmedia":[{"embeddable":true,"href":"https:\/\/www.maremma.it\/blog\/wp-json\/wp\/v2\/media\/2449"}],"wp:attachment":[{"href":"https:\/\/www.maremma.it\/blog\/wp-json\/wp\/v2\/media?parent=2448"}],"wp:term":[{"taxonomy":"category","embeddable":true,"href":"https:\/\/www.maremma.it\/blog\/wp-json\/wp\/v2\/categories?post=2448"},{"taxonomy":"post_tag","embeddable":true,"href":"https:\/\/www.maremma.it\/blog\/wp-json\/wp\/v2\/tags?post=2448"}],"curies":[{"name":"wp","href":"https:\/\/api.w.org\/{rel}","templated":true}]}}