{"id":2633,"date":"2023-01-30T16:41:12","date_gmt":"2023-01-30T15:41:12","guid":{"rendered":"http:\/\/www.maremma.it\/blog\/?p=2633\/"},"modified":"2023-01-30T16:41:12","modified_gmt":"2023-01-30T15:41:12","slug":"scarlino","status":"publish","type":"post","link":"https:\/\/www.maremma.it\/blog\/scarlino\/","title":{"rendered":"Scarlino"},"content":{"rendered":"<p>Il territorio comunale si estende dalle pendici nord-occidentali di Poggio Ballone fino alla <strong>fascia costiera<\/strong> alta e frastagliata del promontorio delle <strong>Bandite di Scarlino<\/strong>, <strong>area protetta<\/strong> all&#8217;interno della quale <strong>spiccano<\/strong> le suggestive <strong>Cala Violina e Cala Martina<\/strong>. A nord del promontorio, si trova il <strong>Porto del Puntone<\/strong>, nel cuore dell&#8217;omonima frazione balneare.<\/p>\n<p>Pare che il territorio di Scarlino <strong>fosse gi\u00e0 abitato in epoca preistorica<\/strong>: ci\u00f2 \u00e8 testimoniato da <strong>ritrovamenti<\/strong> nei pressi della\u00a0<strong>Rocca Pisana<\/strong>\u00a0databili all<strong>&#8216;et\u00e0 del Bronzo<\/strong>. Altri ritrovamenti di <strong>et\u00e0 ellenistica<\/strong> (IV-II secolo a.C.) sono a riprova che esistevano gi\u00e0 degli <strong>insediamenti anteriori allo sviluppo del borgo altomedievale<\/strong>, mentre il rinvenimento lungo la costa (Puntone,\u00a0Portiglioni) di edifici e di <strong>un porto di epoca romana<\/strong> conferma la presenza di vivaci attivit\u00e0 di commercio gi\u00e0 prima del Medioevo.<\/p>\n<p><strong>\u2022Rocca Pisana,<\/strong>\u00a0(la\u00a0<b>rocca aldobrandesca<\/b>, nota anche come\u00a0<b>Castello di Scarlino)\u00a0<\/b>sorta nel corso del X secolo e citata per la prima volta in un documento del 1108, fu ceduto nel XIV secolo ai Pisani, i quali lo ristrutturarono completamente. Quando la rocca pass\u00f2 nel XV secolo agli Appiani, questi realizzarono ulteriori ampliamenti. Tra il 1979 e il 1983, oltre ai lavori di restauro, sono state intraprese delle <strong>campagne di scavo<\/strong> che hanno permesso di <strong>riportare alla luce numerose strutture murarie,<\/strong> tra cui anche quelle identificabili con l&#8217;<strong>antica pieve di Santa Maria*<\/strong>; oltre a ci\u00f2 \u00e8 stato possibile <strong>accertarsi della presenza di murature ellenistiche<\/strong> dei secoli IV-II a.C. e di <strong>insediamenti risalenti all&#8217;et\u00e0 del Bronzo<\/strong>, che testimoniano una <strong>frequentazione di questo luogo gi\u00e0 dall&#8217;epoca preistorica.<\/strong><\/p>\n<p>Si trova in posizione dominante rispetto all&#8217;abitato, all&#8217;area meridionale delle Colline Metallifere grossetane e alla parte settentrionale della Maremma grossetana; si presenta <strong>sotto forma di imponenti ruderi, rivestiti in pietra<\/strong>, <strong>recuperati<\/strong> grazie ai <strong>lavori di restauro<\/strong> effettuati negli ultimi <strong>due decenni del Novecento.<\/strong><\/p>\n<p>Il complesso attuale, risalente alla ristrutturazione tardo medievale, \u00e8 costituito da <strong>tre torri angolari<\/strong> differenti tra loro, unite tra loro da una serie di cortine murarie di altezza diversa. La torre nord-orientale si presenta a sezione circolare, con una porta ad arco tondo; attorno ad essa si sviluppano i resti di cortine murarie che dovevano racchiudere, in passato, un bastione o un fortilizio. La torre sud-orientale presenta una sezione quadrata, mentre quella sud-occidentale \u00e8 rettangolare e di altezza minore rispetto alle altre.<\/p>\n<p><img loading=\"lazy\" decoding=\"async\" class=\" wp-image-2634 aligncenter\" src=\"http:\/\/www.maremma.it\/blog\/wp-content\/uploads\/2023\/01\/2880px-Scarlino_-_Rocca_Aldobrandesca-400x266.jpg\" alt=\"\" width=\"533\" height=\"355\" srcset=\"https:\/\/www.maremma.it\/blog\/wp-content\/uploads\/2023\/01\/2880px-Scarlino_-_Rocca_Aldobrandesca-400x266.jpg 400w, https:\/\/www.maremma.it\/blog\/wp-content\/uploads\/2023\/01\/2880px-Scarlino_-_Rocca_Aldobrandesca-250x166.jpg 250w, https:\/\/www.maremma.it\/blog\/wp-content\/uploads\/2023\/01\/2880px-Scarlino_-_Rocca_Aldobrandesca-768x511.jpg 768w, https:\/\/www.maremma.it\/blog\/wp-content\/uploads\/2023\/01\/2880px-Scarlino_-_Rocca_Aldobrandesca-650x432.jpg 650w, https:\/\/www.maremma.it\/blog\/wp-content\/uploads\/2023\/01\/2880px-Scarlino_-_Rocca_Aldobrandesca-150x100.jpg 150w, https:\/\/www.maremma.it\/blog\/wp-content\/uploads\/2023\/01\/2880px-Scarlino_-_Rocca_Aldobrandesca-800x532.jpg 800w, https:\/\/www.maremma.it\/blog\/wp-content\/uploads\/2023\/01\/2880px-Scarlino_-_Rocca_Aldobrandesca-1200x798.jpg 1200w, https:\/\/www.maremma.it\/blog\/wp-content\/uploads\/2023\/01\/2880px-Scarlino_-_Rocca_Aldobrandesca-1600x1064.jpg 1600w, https:\/\/www.maremma.it\/blog\/wp-content\/uploads\/2023\/01\/2880px-Scarlino_-_Rocca_Aldobrandesca-2000x1330.jpg 2000w\" sizes=\"(max-width: 533px) 100vw, 533px\" \/><\/p>\n<p><strong>\u2022Area archeologica della Rocca Pisana<\/strong>: all&#8217;esterno della rocca verso il centro abitato, sono ancora <strong>parzialmente visibili gli scavi condotti tra il 1979 ed il 1983<\/strong> dal dipartimento di archeologia medievale dell&#8217;Universit\u00e0 di Siena, con lacerti murari degli edifici distrutti alla fine del XIII per realizzare il rivellino, la zona antistante la rocca allora in corso di costruzione. Visibili nel percorso verso il centro abitato il<strong> perimetro dell&#8217;antica chiesa<\/strong> con i preesistenti <strong>resti alto-medievali<\/strong> ed i successivi riadattamenti di epoca romanica e rinascimentale.<\/p>\n<p><strong>\u2022Parco archeologico di Poggio Tondo<\/strong>: nei pressi di Pian d&#8217;Alma, alcuni<strong> scavi<\/strong> condotti a partire dagli anni ottanta del XX secolo hanno permesso il <strong>ritrovamento di una necropoli con quattro tombe a tumulo<\/strong> (denominate tomba del Tamburo, tomba del Carro, tomba del Cippo e tomba delle Due Porte), databile dalla met\u00e0 del VII alla met\u00e0 del VI secolo a.C., oltre che un <strong>edificio isolato da identificarsi come fattoria,<\/strong> in uso fino alla fine del VI secolo a.C.<\/p>\n<p>*<strong>La pieve di Santa Maria<\/strong> era un <strong>edificio religioso di origini altomedievali,<\/strong> la chiesa fu costruita in prossimit\u00e0 dell&#8217;originario insediamento fortificato. Il luogo di culto, la cui esistenza certa risale almeno al IX secolo, fu <strong>ristrutturato in stile romanico<\/strong> durante i secoli successivi, risultando essere una pieve autonoma nelle Rationes Decimarum del tardo Duecento. Successivamente, l&#8217;edificio religioso conobbe un <strong>periodo di degrado<\/strong> che ne determin\u00f2 la sua ricostruzione in epoca quattrocentesca. Dopo un nuovo temporaneo periodo di splendore in epoca rinascimentale, la chiesa venne definitivamente abbandonata, risultando gi\u00e0 perduta durante il Settecento.<\/p>\n<p>Della pieve di Santa Maria <strong>sono visibili i resti nell&#8217;area antistante la Rocca aldobrandesca<\/strong> che, all&#8217;interno delle mura, volge verso il centro storico medievale di Scarlino. Riportata alla luce recentemente da una serie di scavi, la chiesa si presentava a pianta rettangolare con navata unica ed abside semicircolare; internamente <strong>era decorata da una serie di affreschi risalenti all&#8217;epoca altomedievale<\/strong>.<\/p>\n<h5><strong><span style=\"font-size: 14pt;\">Musei di Scarlino<\/span><\/strong><\/h5>\n<p>\u2022Il\u00a0<b>Centro di documentazione del territorio\u00a0<i>Riccardo Francovich<\/i><\/b>, inaugurato nel 1994 per <strong>documentare l&#8217;esperienza delle campagne di scavi<\/strong> effettuate presso la<strong> Rocca Pisana<\/strong> dal 1979 al 1983, sotto la direzione del professor Riccardo Francovich, che hanno permesso di riportare alla luce <strong>numerose strutture murarie<\/strong> riferibili ad un <strong>periodo storico<\/strong> molto <strong>vasto<\/strong> che va dall&#8217;et\u00e0 del Bronzo al XVII secolo: sono stati rinvenuti resti del XII-X secolo a.C., <strong>murature ellenistiche<\/strong> dei secoli IV-II a.C., un <strong>insediamento altomedievale<\/strong> (VII-X secolo), costituito da <strong>capanne in legno e da una piccola chiesa<\/strong> \u2013 l&#8217;antica pieve di Santa Maria* \u2013 e modificazioni successive (XV secolo). Nel 2007, con la morte improvvisa di Riccardo Francovich, il museo viene a lui intitolato.<\/p>\n<p>Il museo dispone di <strong>tre piccole sale espositive<\/strong> che documentano i <strong>vari periodi nell&#8217;area della Rocca Pisana<\/strong> tramite reperti rinvenuti durante le campagne di scavi. Le prime due sale contengono, oltre a pannelli esplicativi che illustrano la storia di Scarlino e della rocca, cinque vetrine espositive.<\/p>\n<p>La prima vetrina espone alcuni reperti dei periodi pi\u00f9 antichi, la seconda vetrina espone invece oggetti ornamentali di et\u00e0 moderna.<br \/>\nAltre tre vetrine espongono una <strong>vasta raccolta di ceramiche<\/strong> risalenti ad un lungo <strong>periodo tra il IX e il XVIII secolo<\/strong>. La prima raccoglie <strong>ceramiche pi\u00f9 antiche<\/strong> tra i secoli IX e XIII; fino a ceramiche dei secoli XIV e XV. La seconda espone <strong>ceramiche dei secoli XV e XVI<\/strong>. La terza espone ceramiche dei secoli dal XVI al XVIII.<\/p>\n<p>La <strong>terza sala,<\/strong> la pi\u00f9 piccola, contiene invece il cosiddetto <strong>tesoro di Scarlino<\/strong>, costituito da <strong>cento monete d&#8217;oro databili intorno al XIV secolo<\/strong> e rinvenuto in una nicchia della vecchia pieve di Santa Maria all&#8217;interno di un vasetto. Le monete provengono da <strong>sette diverse zecche<\/strong>. Nella stessa stanza, alcuni <strong>pannelli<\/strong> documentano le <strong>ricerche effettuate<\/strong> a partire dal 2005 in localit\u00e0 Vetricella, dove \u00e8 stata provata la <strong>presenza del castello doganale della Castellina<\/strong>, attestato nei secoli IX-XII.<\/p>\n<p><img loading=\"lazy\" decoding=\"async\" class=\" wp-image-2636 aligncenter\" src=\"http:\/\/www.maremma.it\/blog\/wp-content\/uploads\/2023\/01\/2880px-Scarlino_Museo_Francovich-400x267.jpg\" alt=\"\" width=\"563\" height=\"375\" srcset=\"https:\/\/www.maremma.it\/blog\/wp-content\/uploads\/2023\/01\/2880px-Scarlino_Museo_Francovich-400x267.jpg 400w, https:\/\/www.maremma.it\/blog\/wp-content\/uploads\/2023\/01\/2880px-Scarlino_Museo_Francovich-250x167.jpg 250w, https:\/\/www.maremma.it\/blog\/wp-content\/uploads\/2023\/01\/2880px-Scarlino_Museo_Francovich-768x512.jpg 768w, https:\/\/www.maremma.it\/blog\/wp-content\/uploads\/2023\/01\/2880px-Scarlino_Museo_Francovich-650x433.jpg 650w, https:\/\/www.maremma.it\/blog\/wp-content\/uploads\/2023\/01\/2880px-Scarlino_Museo_Francovich-150x100.jpg 150w, https:\/\/www.maremma.it\/blog\/wp-content\/uploads\/2023\/01\/2880px-Scarlino_Museo_Francovich-800x533.jpg 800w, https:\/\/www.maremma.it\/blog\/wp-content\/uploads\/2023\/01\/2880px-Scarlino_Museo_Francovich-1200x800.jpg 1200w, https:\/\/www.maremma.it\/blog\/wp-content\/uploads\/2023\/01\/2880px-Scarlino_Museo_Francovich-1600x1067.jpg 1600w, https:\/\/www.maremma.it\/blog\/wp-content\/uploads\/2023\/01\/2880px-Scarlino_Museo_Francovich-2000x1333.jpg 2000w\" sizes=\"(max-width: 563px) 100vw, 563px\" \/><\/p>\n<p>\u2022<strong>Centro di documentazione del territorio per gli Etruschi\u00a0<\/strong>\u00e8 un<strong> museo archeologico<\/strong>, inaugurato il 22 maggio 2009 per <strong>documentare la presenza degli Etruschi nel territorio<\/strong> comunale di Scarlino, in seguito agli scavi che hanno permesso di portare alla luce <strong>l&#8217;area archeologica di Poggio Tondo<\/strong>, nella zona di Pian d&#8217;Alma.<\/p>\n<p>Il centro di documentazione \u00e8 stato allestito <strong>all&#8217;interno di una vecchia cantina di un palazzo di origini medievali<\/strong>, appartenuto fino al secolo scorso alla famiglia Guelfi.<br \/>\nIl piccolo museo si articola in <strong>due sale<\/strong> dotate di pannelli esplicativi:<\/p>\n<p><strong>La prima sala<\/strong> documenta la frequentazione etrusca dell&#8217;intero territorio comunale di Scarlino: area sepolcrale di Poggio Tondo, fattoria di Poggio Tondo, Valle dell&#8217;Alma, Puntone, rocca di Scarlino. Al <strong>centro della sala<\/strong> \u00e8 <strong>esposto<\/strong> il <strong>pezzo principale<\/strong> del museo: un pezzo di <strong>montatura per cavalli in bronzo<\/strong> rinvenuto nell&#8217;area dei ruderi della canonica di San Michele, nella piana alle pendici del borgo di Scarlino.<\/p>\n<p>La <strong>seconda sala<\/strong> espone, all&#8217;interno di <strong>quattro teche<\/strong> corredate da pannelli illustrativi, i reperti rinvenuti nelle <strong>quattro tombe dell&#8217;area della necropoli di Poggio Tondo<\/strong>, databile tra la met\u00e0 del VII secolo e la met\u00e0 del VI secolo a.C., antico centro alle dipendenze della citt\u00e0 etrusca di Vetulonia.<\/p>\n<p><strong>La tomba del Tamburo<\/strong>, cos\u00ec denominata per la <strong>presenza di una struttura in pietre che circoscrive la base del tumulo<\/strong>, ha riportato alla luce vari o<strong>ggetti riferibili alla toeletta e all&#8217;abbigliamento<\/strong>, alcuni aryballoi decorati, armi in metallo (asce), e altri reperti riferibili alle frequentazioni di et\u00e0 ellenistica e medievale. <strong>La tomba del Cippo<\/strong> deve il suo nome al cippo funerario a calotta con apice che coronava in origine il tumulo: i reperti sono riconducibili a <strong>due differenti sepolture<\/strong> e sono stati riportati alla luce numerosi o<strong>ggetti riferibili al simposio,<\/strong> come vasi di vario genere in bucchero, e altri all&#8217;ornamento personale (contenitori per cosmetici, pissidi, unguentari). Anche la <strong>tomba delle Due Porte<\/strong>, cos\u00ec chiamata per i <strong>due lastroni<\/strong> che delimitavano lo spazio della <strong>sepoltura femminile<\/strong>, ha conservato alcuni o<strong>ggetti da simposio<\/strong> (vasi in bucchero), per la toeletta e l&#8217;ornamento personale, ma anche <strong>resti di armi<\/strong>. Infine, sono esposti i reperti rinvenuti nella tomba del Carro, la pi\u00f9 atipica tra le sepolture, che trova al centro un grande spazio di sette metri per due dove era stato posto anche <strong>un carro come simbolo di prestigio<\/strong> per il defunto, probabilmente un guerriero con un ricco corredo: sono stati rinvenuti numerosi oggetti riferibili al simposio, ma anche soprattutto <strong>armi e altri segni del rango aristocratico<\/strong>; una tarda frequentazione medievale ha permesso il ritrovamento anche di un&#8217;<strong>olla di impasto grezzo<\/strong>.<\/p>\n<p>\u2022Il\u00a0<b>Museo archeologico di Portus Scabris<\/b>\u00a0(<b>MAPS<\/b>)\u00a0\u00e8 un museo situato nella frazione del\u00a0Puntone.<\/p>\n<p>Durante i<strong> lavori per la costruzione del porto turistico al Puntone di Scarlino<\/strong>, tra il 1999 e il 2003, sono state riportate subito alle luce numerose<strong> testimonianze archeologiche sottomarine<\/strong>. Grazie a una serie di operazioni subacquee si \u00e8 potuto ritrovare, catalogare e studiare vari reperti riconducibili a <strong>diverse epoche storiche<\/strong>, documentando cos\u00ec la storia di un antico approdo, quello della baia di Portiglioni nel golfo di Follonica, identificabile con il toponimo di Portus Scabris.<\/p>\n<p>Il museo \u00e8 stato allestito tra il 2009 e il 2010 allo scopo di ricostruire, attraverso i reperti archeologici, la storia di questo antico scalo frequentato sin dalla fine del III secolo a.C..<br \/>\nIl <strong>museo \u00e8 allestito<\/strong> all&#8217;interno dello storico <strong>casello idraulico del Puntone<\/strong>, risalente al 1905 e nel tipico <strong>stile eclettico di primo Novecento<\/strong>, con <strong>decorazioni liberty.<\/strong><\/p>\n<p>Il <strong>MAPS si articola in sei sale<\/strong> \u2013 cinque espositive pi\u00f9 una saletta video \u2013 disposte sui due piani dello storico casello idraulico.<\/p>\n<p>Le prime tre sale situate al piano terra del casello idraulico illustrano tramite <strong>pannelli esplicativi la storia dell&#8217;antico porto scomparso del Puntone,<\/strong> oltre che del sistema portuario dell&#8217;antichit\u00e0.<br \/>\nLa terza sala, intitolata <strong>&#8220;il porto attraverso i secoli: i reperti raccontano<\/strong>&#8220;, intende mostrare al visitatore alcuni dei <strong>reperti legati al porto esposti in ventinove teche<\/strong> disposte in ordine cronologico, dal III secolo a.C. fino al XX secolo. I reperti possono cos\u00ec raccontare la storia del porto nelle sue fasi storiche e testimoniare una certa vitalit\u00e0 del porto (ceramiche e oggetti in vetro dall&#8217;Africa settentrionale e dal Mediterraneo orientale).<\/p>\n<p><img loading=\"lazy\" decoding=\"async\" class=\" wp-image-2637 aligncenter\" src=\"http:\/\/www.maremma.it\/blog\/wp-content\/uploads\/2023\/01\/MAPS_Puntone_reperti-400x267.jpg\" alt=\"\" width=\"533\" height=\"355\" srcset=\"https:\/\/www.maremma.it\/blog\/wp-content\/uploads\/2023\/01\/MAPS_Puntone_reperti-400x267.jpg 400w, https:\/\/www.maremma.it\/blog\/wp-content\/uploads\/2023\/01\/MAPS_Puntone_reperti-250x167.jpg 250w, https:\/\/www.maremma.it\/blog\/wp-content\/uploads\/2023\/01\/MAPS_Puntone_reperti-768x512.jpg 768w, https:\/\/www.maremma.it\/blog\/wp-content\/uploads\/2023\/01\/MAPS_Puntone_reperti-650x433.jpg 650w, https:\/\/www.maremma.it\/blog\/wp-content\/uploads\/2023\/01\/MAPS_Puntone_reperti-150x100.jpg 150w, https:\/\/www.maremma.it\/blog\/wp-content\/uploads\/2023\/01\/MAPS_Puntone_reperti-800x533.jpg 800w, https:\/\/www.maremma.it\/blog\/wp-content\/uploads\/2023\/01\/MAPS_Puntone_reperti-1200x800.jpg 1200w, https:\/\/www.maremma.it\/blog\/wp-content\/uploads\/2023\/01\/MAPS_Puntone_reperti-1600x1067.jpg 1600w, https:\/\/www.maremma.it\/blog\/wp-content\/uploads\/2023\/01\/MAPS_Puntone_reperti-2000x1333.jpg 2000w\" sizes=\"(max-width: 533px) 100vw, 533px\" \/><br \/>\nAl piano superiore sono situate altre<strong> due sale espositive con in pi\u00f9 una saletta video<\/strong>, che proietta un <strong>documentario sugli scavi subacquei<\/strong> condotti tra il 2000 e il 2001 durante la costruzione del moderno porto turistico.<\/p>\n<p>La <strong>quarta sala<\/strong> \u00e8 dedicata alla <strong>navigazione antica<\/strong>, illustrando tramite pannelli le t<strong>ipologie di navi che raggiungevano il porto romano<\/strong>, i sistemi di stivaggio e la vita di bordo sulle navi mercantili. Interessante l&#8217;esposizione in questa sala di un gruppo omogeneo di contenitori da trasporto recuperato sul fondale del porto: una collezione di <strong>anfore vinarie<\/strong> di tipologia greco-italica. Tra gli altri oggetti esposti vi sono alcuni <strong>strumenti di bordo<\/strong> come lo scandaglio, alcuni chiodi, punteruoli, aghi da rete, ma anche varie tegole per la copertura delle cabine di poppa, ed interessanti pentole, tegami e olle ancora annerite dal fuoco utilizzate dai marinai per preparare i pasti.<\/p>\n<p>Nella <strong>quinta e ultima sala espositiva<\/strong> \u00e8 stata allestita un&#8217;installazione che riproduce la <strong>formazione del sito archeologico sul fondale marino del porto<\/strong>, con la fase pi\u00f9 antica a profondit\u00e0 maggiore, ricoperta nei secoli dalla sabbia e da altri materiali. La sala in questione ricostruisce la stratificazione archeologica delle due fasi antiche meglio documentate, quelle delle media e tarda et\u00e0 repubblicana.<\/p>\n<p>La fase 2 si riferisce alla prima <strong>frequentazione del porto<\/strong>, tra la fine del III e gli inizi del II secolo a.C., che ha permesso il ritrovamento, negli strati pi\u00f9 profondi, di anfore vinarie greco-italiche e di vasellame in ceramica a vernice nera di produzione campana ed etrusco-laziale, abbastanza omogenei, probabilmente parte di uno stesso carico danneggiato gettato in mare durante una sosta.<br \/>\nLa fase 1 si riferisce invece al <strong>periodo in cui la frequentazione del porto si \u00e8 intensificata con rotte commerciali<\/strong> verso tutto il Mediterraneo e verso l&#8217;isola d&#8217;Elba, grazie all&#8217;accrescimento dell&#8217;importanza di Portus Scabris come centro siderurgico (II-I secolo a.C.): qui la stratificazione \u00e8 pi\u00f9 caotica, ma ha portato al <strong>ritrovamento di numerosi reperti<\/strong>, come anfore, vasellame da mensa in vernice nera campana ed etrusco-laziale, bicchieri a pareti sottili, strumenti, attrezzi di bordo, resti di animali, e soprattutto materiale ferroso di provenienza elbana.<br \/>\nDurante gli scavi sono state inoltre <strong>rinvenute numerose olle<\/strong>, tutte esposte in vetrine; tuttavia, tra i reperti di maggiore interesse, spicca un&#8217;olpe (brocca) del II secolo a.C. conservatasi ancora intera a distanza di oltre duemila anni.<\/p>\n<p><img loading=\"lazy\" decoding=\"async\" class=\" wp-image-2638 aligncenter\" src=\"http:\/\/www.maremma.it\/blog\/wp-content\/uploads\/2023\/01\/MAPS_Puntone_olpe-400x267.jpg\" alt=\"\" width=\"635\" height=\"423\" srcset=\"https:\/\/www.maremma.it\/blog\/wp-content\/uploads\/2023\/01\/MAPS_Puntone_olpe-400x267.jpg 400w, https:\/\/www.maremma.it\/blog\/wp-content\/uploads\/2023\/01\/MAPS_Puntone_olpe-250x167.jpg 250w, https:\/\/www.maremma.it\/blog\/wp-content\/uploads\/2023\/01\/MAPS_Puntone_olpe-768x512.jpg 768w, https:\/\/www.maremma.it\/blog\/wp-content\/uploads\/2023\/01\/MAPS_Puntone_olpe-650x433.jpg 650w, https:\/\/www.maremma.it\/blog\/wp-content\/uploads\/2023\/01\/MAPS_Puntone_olpe-150x100.jpg 150w, https:\/\/www.maremma.it\/blog\/wp-content\/uploads\/2023\/01\/MAPS_Puntone_olpe-800x533.jpg 800w, https:\/\/www.maremma.it\/blog\/wp-content\/uploads\/2023\/01\/MAPS_Puntone_olpe-1200x800.jpg 1200w, https:\/\/www.maremma.it\/blog\/wp-content\/uploads\/2023\/01\/MAPS_Puntone_olpe-1600x1067.jpg 1600w, https:\/\/www.maremma.it\/blog\/wp-content\/uploads\/2023\/01\/MAPS_Puntone_olpe-2000x1333.jpg 2000w\" sizes=\"(max-width: 635px) 100vw, 635px\" \/><\/p>\n<p>&nbsp;<\/p>\n<p>&nbsp;<\/p>\n<h4>Scarlino presenta anche <strong>due aree naturali protette<\/strong>:<\/h4>\n<p><strong>\u2022Riserva naturale Scarlino<\/strong>, area naturale <strong>protetta<\/strong> istituita nel 1977, occupa una superficie di circa 50 ettari sul crinale del Poggio Spedaletto, da cui si domina il golfo di Follonica.<br \/>\nNella riserva prevale la <strong>presenza della\u00a0macchia mediterranea\u00a0<\/strong>e una <strong>pineta di\u00a0pino domestico<\/strong>, piantata artificialmente.<\/p>\n<p><strong>\u2022Padule e Costiere di Scarlino<\/strong>, area naturale protetta istituita nel 1976 e sito di interesse comunitario della provincia di Grosseto, occupa una vasta area di 752 ettari e comprende <strong>al suo interno parte delle cosiddette Bandite di Scarlino<\/strong>, grande area <strong>boschiva costiera<\/strong> che sfocia anche nei comuni di Gavorrano e Castiglione della Pescaia, e le calette che si affacciano sul mar Tirreno: la baia di Portiglioni, Cala di Terra Rossa, Cala Le Donne, Cala Martina, Cala Violina e Cala Civette.<\/p>\n<p>Tipologia ambientale prevalente nel SIR \u00e8 data da una delle residue zone umide costiere della Toscana meridionale, che riveste una notevole importanza per la <strong>sosta, svernamento e nidificazione dell&#8217;avifauna<\/strong> in particolare per la <strong>conservazione<\/strong> di alcune <strong>specie nidificanti<\/strong> ormai rare e minacciate come il tarabuso, il falco di palude e il forapaglie castagnolo. Da segnalare la presenza della martora.<\/p>\n<p>L&#8217;area <strong>palustre costiera<\/strong> \u00e8 in gran parte <strong>dulciacquicola<\/strong> (con prevalenza di canneti), con una significativa <strong>porzione salmastra<\/strong>, dove prevalgono <strong>giuncheti e salicornieti<\/strong>. Nell&#8217;area \u00e8 presente una <strong>popolazione nidificante di forapaglie castagnolo<\/strong>, di rilevante interesse, in quanto unica popolazione della Toscana meridionale. L&#8217;area \u00e8 importante per la <strong>sosta e lo svernamento di avifauna acquatica<\/strong>. Sono presenti anche <strong>diversi mammiferi<\/strong>: cinghiale, volpe, donnola, faina, istrice, tasso e riccio. Tra gli insetti \u00e8 presente la Callimorpha quadripuncatata.<\/p>\n<p>Tra le specie vegetali presenti nel SIR: Artemisia coerulescens var. palmata, specie molto rara in Toscana, segnalata nei prati salsi del Parco regionale della Maremma e del Palude di Scarlino. Inoltre sono presenti anche il ginepro coccolone, la salicornia, il <strong>leccio<\/strong> e il pino domestico, per via della vicina pineta.<\/p>\n","protected":false},"excerpt":{"rendered":"<p>Il territorio comunale si estende dalle pendici nord-occidentali di Poggio Ballone fino alla fascia costiera alta e frastagliata del promontorio delle Bandite di Scarlino, area protetta all&#8217;interno della quale spiccano le suggestive Cala Violina e Cala Martina. A nord del promontorio, si trova il Porto del Puntone, nel cuore dell&#8217;omonima frazione balneare. Pare che il [&hellip;]<\/p>\n","protected":false},"author":1,"featured_media":2635,"comment_status":"closed","ping_status":"open","sticky":false,"template":"","format":"standard","meta":{"footnotes":""},"categories":[314,1],"tags":[],"class_list":["post-2633","post","type-post","status-publish","format-standard","has-post-thumbnail","hentry","category-cultura","category-maremma"],"_links":{"self":[{"href":"https:\/\/www.maremma.it\/blog\/wp-json\/wp\/v2\/posts\/2633"}],"collection":[{"href":"https:\/\/www.maremma.it\/blog\/wp-json\/wp\/v2\/posts"}],"about":[{"href":"https:\/\/www.maremma.it\/blog\/wp-json\/wp\/v2\/types\/post"}],"author":[{"embeddable":true,"href":"https:\/\/www.maremma.it\/blog\/wp-json\/wp\/v2\/users\/1"}],"replies":[{"embeddable":true,"href":"https:\/\/www.maremma.it\/blog\/wp-json\/wp\/v2\/comments?post=2633"}],"version-history":[{"count":1,"href":"https:\/\/www.maremma.it\/blog\/wp-json\/wp\/v2\/posts\/2633\/revisions"}],"predecessor-version":[{"id":2639,"href":"https:\/\/www.maremma.it\/blog\/wp-json\/wp\/v2\/posts\/2633\/revisions\/2639"}],"wp:featuredmedia":[{"embeddable":true,"href":"https:\/\/www.maremma.it\/blog\/wp-json\/wp\/v2\/media\/2635"}],"wp:attachment":[{"href":"https:\/\/www.maremma.it\/blog\/wp-json\/wp\/v2\/media?parent=2633"}],"wp:term":[{"taxonomy":"category","embeddable":true,"href":"https:\/\/www.maremma.it\/blog\/wp-json\/wp\/v2\/categories?post=2633"},{"taxonomy":"post_tag","embeddable":true,"href":"https:\/\/www.maremma.it\/blog\/wp-json\/wp\/v2\/tags?post=2633"}],"curies":[{"name":"wp","href":"https:\/\/api.w.org\/{rel}","templated":true}]}}