{"id":2674,"date":"2023-02-01T11:38:02","date_gmt":"2023-02-01T10:38:02","guid":{"rendered":"http:\/\/www.maremma.it\/blog\/?p=2674\/"},"modified":"2023-02-01T11:38:02","modified_gmt":"2023-02-01T10:38:02","slug":"montieri","status":"publish","type":"post","link":"https:\/\/www.maremma.it\/blog\/montieri\/","title":{"rendered":"Montieri"},"content":{"rendered":"<p>Montieri si trova nel territorio delle Colline Metallifere grossetane ed \u00e8 noto per i <strong>grandi giacimenti di pirite, piombo e argento<\/strong> sfruttati sino agli anni novanta del XX secolo, quando fu chiusa la miniera di Campiano presso la frazione Boccheggiano.<\/p>\n<p>Il territorio di Montieri \u00e8 caratterizzato da <strong>grandi superfici boschive<\/strong>, che in passato hanno rappresentato la <strong>principale fonte<\/strong> di <strong>approvvigionamento del combustibile<\/strong> necessario all&#8217;attivit\u00e0 mineraria e la materia prima indispensabile alla realizzazione di armature per gallerie e costruzioni intorno alle miniere.<\/p>\n<div id=\"attachment_2678\" style=\"width: 255px\" class=\"wp-caption alignright\"><img loading=\"lazy\" decoding=\"async\" aria-describedby=\"caption-attachment-2678\" class=\"wp-image-2678\" src=\"https:\/\/www.maremma.it\/blog\/wp-content\/uploads\/2023\/02\/Roste-400x533.jpg\" alt=\"\" width=\"245\" height=\"326\" srcset=\"https:\/\/www.maremma.it\/blog\/wp-content\/uploads\/2023\/02\/Roste-400x533.jpg 400w, https:\/\/www.maremma.it\/blog\/wp-content\/uploads\/2023\/02\/Roste-250x333.jpg 250w, https:\/\/www.maremma.it\/blog\/wp-content\/uploads\/2023\/02\/Roste-150x200.jpg 150w, https:\/\/www.maremma.it\/blog\/wp-content\/uploads\/2023\/02\/Roste.jpg 638w\" sizes=\"(max-width: 245px) 100vw, 245px\" \/><p id=\"caption-attachment-2678\" class=\"wp-caption-text\"><em>Le Roste<\/em><\/p><\/div>\n<p><strong>Il Poggio di Montieri<\/strong> (altezza 1052 m) ha sempre suscitato molto<strong> interesse<\/strong> dal punto di vista<strong> geologico e naturalistico<\/strong>; la sua costituzione geologica \u00e8 simile a quella delle vicine Cornate di Gerfalco: ricco di varie specie di pietra alberese (o &#8220;sasso di calcina&#8221;) e di calcare. Da segnalare anche il <strong>poggio Ritrovoli<\/strong> (altezza 1015 m), punto pi\u00f9 alto delle Carline di Travale. <strong>Le Cornate di Gerfalco<\/strong> con 1060 m di altezza costituiscono il rilievo pi\u00f9 alto delle colline metallifere. Dal bacino idrografico delle Cornate, delle Carline e del Poggio di Montieri nasce il fiume Cecina. Dal versante meridionale del poggio di Montieri nasce un ramo del fiume Merse, denominato Savioli; sulla cima troneggia una monumentale croce di ferro, eretta nel 1961.<\/p>\n<p>Nelle quote pi\u00f9 basse, data la relativa vicinanza dal <strong>mare<\/strong> e la bassa quota, vivono <strong>specie mediterranee<\/strong> come i <strong>lecci<\/strong>, le<strong> sughere<\/strong> e un <strong>sottobosco di erica e ginestra<\/strong>; salendo di quota compaiono essenze tipicamente submontane come i cerri, roverelle e ampi castagneti.<\/p>\n<p>In antiche discariche, poste nei pressi di pozzi ormai riempiti dal materiale accumulatosi nel tempo, fu notata da Emanuele Repetti, nella prima met\u00e0 dell&#8217;Ottocento, la presenza di galena e tetraedrite argentifere, calcopirite, pirite e altri minerali.<\/p>\n<p>Il nome deriva da <em>Mons aeris<\/em>, che significa <strong>&#8220;monte del rame&#8221;<\/strong>, e quindi \u00e8<strong> collegato alle risorse minerarie<\/strong> della zona, le Colline Metallifere.<\/p>\n<p>Lungo il fiume Merse e visibile dalla strada che collega Massa Marittima con Siena, vi \u00e8 l&#8217;<strong>area delle Roste<\/strong>, essa <strong>raccoglie i resti delle lavorazioni del rame<\/strong> a partire dalla fine del XIX, inizi del XX secolo, avvenute con il metodo Conedera. Il minerale di rame, estratto nella vicina Miniera Merse distante circa 2 km e l\u00ec lavato e frantumato, veniva trasportato su vagoni mediante una ferrovia decauville. Qui veniva accatastato in cumuli e arrostito all&#8217;aperto.<\/p>\n<h3><span style=\"font-size: 14pt;\">Luoghi d&#8217;interesse e curiosit\u00e0<\/span><\/h3>\n<p><strong>\u2022Il giardino dei Suoni<\/strong> \u00e8 un <strong>parco artistico<\/strong> situato in una zona rurale nei pressi di Boccheggiano esso ospita all&#8217;aperto una<strong> collezione di sculture dell&#8217;artista Paul Fuchs,<\/strong> realizzate mediante l&#8217;utilizzo di <strong>materiali quali il rame, il ferro, il bronzo<\/strong>, il legno e la pietra. Le opere hanno trovato una <strong>collocazione naturale nei prati<\/strong>, tra gli alberi del bosco e nell&#8217;area prospiciente l&#8217;abitazione dello scultore.<\/p>\n<p>La denominazione &#8220;<strong>giardino dei Suoni&#8221;<\/strong> deriva dalle <strong>onde sonore che vengono emesse dalle sculture<\/strong>, che tendono a fluttuare proporzionalmente all&#8217;intensit\u00e0 del vento. Gli effetti sonori sono resi possibili dalla particolare collocazione e composizione delle stesse opere, studiate appositamente dallo scultore per creare effetti musicali suggestivi, all&#8217;interno di un contesto artistico e naturalistico di particolare pregio.<\/p>\n<p>\u2022Le <strong>mura di Montieri<\/strong> costituiscono il <strong>sistema difensivo<\/strong> dell&#8217;omonimo borgo castellano. Una prima cinta muraria fu costruita sul finire del X secolo,\u00a0tra il XII e il XIII secolo la cerchia muraria e le relative fortificazioni vennero ristrutturate ed ampliate. Tuttavia, nel corso del Trecento, vi furono due gravi assedi, nel 1326 e nel 1364, che determinarono gravissimi danni all&#8217;intero sistema difensivo: sul finire del Trecento furono cos\u00ec ricostruite le mura, le sette torri di guardia e il cassero.<\/p>\n<p>Le mura di Montieri hanno oramai perduto l&#8217;originario aspetto in cui si presentavano durante il periodo medievale.<\/p>\n<div id=\"attachment_2689\" style=\"width: 210px\" class=\"wp-caption alignleft\"><img loading=\"lazy\" decoding=\"async\" aria-describedby=\"caption-attachment-2689\" class=\"wp-image-2689 size-medium\" src=\"http:\/\/www.maremma.it\/blog\/wp-content\/uploads\/2023\/02\/1920px-Chiesa_dei_Santi_Paolo_e_Michele_a_Montieri-400x600.jpg\" alt=\"\" width=\"200\" height=\"300\" srcset=\"https:\/\/www.maremma.it\/blog\/wp-content\/uploads\/2023\/02\/1920px-Chiesa_dei_Santi_Paolo_e_Michele_a_Montieri-400x600.jpg 400w, https:\/\/www.maremma.it\/blog\/wp-content\/uploads\/2023\/02\/1920px-Chiesa_dei_Santi_Paolo_e_Michele_a_Montieri-250x375.jpg 250w, https:\/\/www.maremma.it\/blog\/wp-content\/uploads\/2023\/02\/1920px-Chiesa_dei_Santi_Paolo_e_Michele_a_Montieri-768x1152.jpg 768w, https:\/\/www.maremma.it\/blog\/wp-content\/uploads\/2023\/02\/1920px-Chiesa_dei_Santi_Paolo_e_Michele_a_Montieri-650x975.jpg 650w, https:\/\/www.maremma.it\/blog\/wp-content\/uploads\/2023\/02\/1920px-Chiesa_dei_Santi_Paolo_e_Michele_a_Montieri-150x225.jpg 150w, https:\/\/www.maremma.it\/blog\/wp-content\/uploads\/2023\/02\/1920px-Chiesa_dei_Santi_Paolo_e_Michele_a_Montieri-800x1200.jpg 800w, https:\/\/www.maremma.it\/blog\/wp-content\/uploads\/2023\/02\/1920px-Chiesa_dei_Santi_Paolo_e_Michele_a_Montieri-1200x1800.jpg 1200w, https:\/\/www.maremma.it\/blog\/wp-content\/uploads\/2023\/02\/1920px-Chiesa_dei_Santi_Paolo_e_Michele_a_Montieri-1600x2400.jpg 1600w, https:\/\/www.maremma.it\/blog\/wp-content\/uploads\/2023\/02\/1920px-Chiesa_dei_Santi_Paolo_e_Michele_a_Montieri.jpg 1920w\" sizes=\"(max-width: 200px) 100vw, 200px\" \/><p id=\"caption-attachment-2689\" class=\"wp-caption-text\"><em>La chiesa dei Santi Paolo e Michele<\/em><\/p><\/div>\n<p>Della cinta muraria <strong>si sono conservate<\/strong>, in buono stato, tre torri in filarotto, che originariamente erano inglobate lungo il perimetro delle mura. Tra esse, spiccano la <strong>torre Narducci<\/strong> e la <strong>torre Biageschi,<\/strong> che hanno conservato pressoch\u00e9 intatto il loro aspetto di epoca medievale, oltre alla <strong>torre<\/strong> successivamente<strong> trasformata nel campanile della chiesa dei Santi Paolo e Michele<\/strong>. Delle<strong> rimanenti quattro torri<\/strong> di guardia, si sono conservati <strong>solo alcuni resti<\/strong>, come ad esempio la <strong>base della torre Mazzarocchi<\/strong>.<\/p>\n<p>\u2022<strong>La chiesa archipresbiterale dei Santi Paolo e Michele<\/strong> \u00e8 un edificio sacro risalente al Trecento, ha la facciata intonacata scandita da quattro paraste che sorreggono la trabeazione.<br \/>\nIl portale, le finestre laterali e l&#8217;oculo centrale sono incorniciati in travertino.<\/p>\n<p>L<strong>&#8216;altare<\/strong> dedicato al <strong>beato Giacomo Papocchi<\/strong> conserva una <strong>tela settecentesca<\/strong> con il <strong>Beato in gloria<\/strong> e vari episodi della sua vita. All&#8217;interno dell&#8217;edicola, il <strong>Busto del beato in argent<\/strong>o (1670). <strong>Il corpo del beato<\/strong> \u00e8 posto invece in una <strong>grande urna<\/strong> intagliata collocata in alto sopra l&#8217;altare maggiore settecentesco.<\/p>\n<p>Nel transetto, <strong>tre tele<\/strong> del secolo XVII: la <strong>Madonna del Carmine<\/strong> che<strong> offre gli scapolari a san Cerbone e a san Francesco<\/strong>; la <strong>Madonna del Rosario<\/strong>; l&#8217;<strong>Apparizione della Vergine al beato Giacomo<\/strong>.<br \/>\nVi \u00e8 anche una tela con una <strong>Annunciazione<\/strong>, collocata sopra l&#8217;ingresso della cappella dell&#8217;Annunziata, attribuita all&#8217;ambito di Alessandro Casolani (Vincenzo Rustici).<\/p>\n<p>Vi \u00e8 anche un <strong>organo seicentesco<\/strong>, datato 1604, con orchestra e mostra lignee, dipinte e dorate.<\/p>\n<h3>La figura religiosa di Giacomo Papocchi<\/h3>\n<p>Giacomo Papocchi \u00e8 stato un religioso eremita italiano. Nacque a Montieri nel 1213. In giovane et\u00e0 lavor\u00f2 alle argentiere locali, propriet\u00e0 dei vescovi volterrani. Fu <strong>accusato di furto<\/strong> di argento lavorato nelle locali fonderie; fu condannato all&#8217;atroce pena della <strong>mutilazione<\/strong> della mano destra, nonch\u00e9 del piede sinistro, trovandosi cos\u00ec ridotto all&#8217;inabilit\u00e0.<\/p>\n<div id=\"attachment_2677\" style=\"width: 483px\" class=\"wp-caption alignright\"><img loading=\"lazy\" decoding=\"async\" aria-describedby=\"caption-attachment-2677\" class=\"wp-image-2677\" src=\"https:\/\/www.maremma.it\/blog\/wp-content\/uploads\/2023\/01\/Chiesa_di_San_Giacomo_Apostolo_Montieri-400x267.jpg\" alt=\"\" width=\"473\" height=\"316\" srcset=\"https:\/\/www.maremma.it\/blog\/wp-content\/uploads\/2023\/01\/Chiesa_di_San_Giacomo_Apostolo_Montieri-400x267.jpg 400w, https:\/\/www.maremma.it\/blog\/wp-content\/uploads\/2023\/01\/Chiesa_di_San_Giacomo_Apostolo_Montieri-250x167.jpg 250w, https:\/\/www.maremma.it\/blog\/wp-content\/uploads\/2023\/01\/Chiesa_di_San_Giacomo_Apostolo_Montieri-768x512.jpg 768w, https:\/\/www.maremma.it\/blog\/wp-content\/uploads\/2023\/01\/Chiesa_di_San_Giacomo_Apostolo_Montieri-650x433.jpg 650w, https:\/\/www.maremma.it\/blog\/wp-content\/uploads\/2023\/01\/Chiesa_di_San_Giacomo_Apostolo_Montieri-150x100.jpg 150w, https:\/\/www.maremma.it\/blog\/wp-content\/uploads\/2023\/01\/Chiesa_di_San_Giacomo_Apostolo_Montieri-800x533.jpg 800w, https:\/\/www.maremma.it\/blog\/wp-content\/uploads\/2023\/01\/Chiesa_di_San_Giacomo_Apostolo_Montieri-1200x800.jpg 1200w, https:\/\/www.maremma.it\/blog\/wp-content\/uploads\/2023\/01\/Chiesa_di_San_Giacomo_Apostolo_Montieri-1600x1067.jpg 1600w, https:\/\/www.maremma.it\/blog\/wp-content\/uploads\/2023\/01\/Chiesa_di_San_Giacomo_Apostolo_Montieri-2000x1333.jpg 2000w\" sizes=\"(max-width: 473px) 100vw, 473px\" \/><p id=\"caption-attachment-2677\" class=\"wp-caption-text\"><em>Chiesa di San Giacomo Apostolo<\/em><\/p><\/div>\n<p>Il triste evento, fu per lui l&#8217;occasione di r<strong>iscoprire la fede<\/strong> precedentemente abbandonata.<\/p>\n<p>Chiese al vescovo diocesano l&#8217;autorizzazione a farsi &#8220;immurare&#8221;, cio\u00e8 a <strong>vivere in rigorosa clausura<\/strong>, in una piccola <strong>cella adiacente alla chiesa di <em>San Giacomo Apostolo.<\/em><\/strong><\/p>\n<p>Sottoposto a prove diaboliche, raggiunse tuttavia vette di alto misticismo; visioni e miracoli costellarono la sua vita, tanto che il suo culto \u00e8 pervenuto ininterrotto fino ai giorni nostri. Si dice che dalla sua cella, attraverso lo spesso muro che lo separava dall&#8217;adiacente chiesa, riuscisse a vedere il sacerdote celebrante la Messa all&#8217;altare della chiesa stessa. Oppure che il desiderio dell&#8217;eucaristia era tale che, nei giorni imminenti la morte non essendo il sacerdote potuto salire a celebrare la santa messa alla chiesa di San Giacomo Apostolo a causa di un&#8217;abbondante nevicata, Ges\u00f9 stesso, &#8220;sacerdote e vittima al tempo stesso&#8221; , come si canta in un antico inno, scese a comunicarlo. Mor\u00ec ricco di meriti, veneratissimo dal suo popolo, il 28 dicembre 1289.<\/p>\n<p><strong>Il suo corpo si conserva<\/strong> in un&#8217;artistica urna (1768) sopra l&#8217;altare maggiore della<strong> chiesa parrocchiale<\/strong> archipresbiterale dei <strong>Santi Paolo e Michele<\/strong> nel centro di Montieri.<\/p>\n<p>&nbsp;<\/p>\n<p>\u2022<strong>Montieri<\/strong> \u00e8 uno dei sette Comuni che compongono il <strong>Parco Tecnologico Archeologico delle Colline Metallifere Grossetane<\/strong>. Le finalit\u00e0 istituzionali del Parco riguardano il recupero, la <strong>conservazione e la valorizzazione del patrimonio ambientale, storico-culturale e tecnico-scientifico delle Colline Metallifer<\/strong>e, segnate in particolar modo dall&#8217;esperienza mineraria.<\/p>\n<div id=\"attachment_2690\" style=\"width: 393px\" class=\"wp-caption alignleft\"><img loading=\"lazy\" decoding=\"async\" aria-describedby=\"caption-attachment-2690\" class=\"wp-image-2690\" src=\"http:\/\/www.maremma.it\/blog\/wp-content\/uploads\/2023\/02\/Montieri_Palazzo_Comunale_e_dei_Marchesi-400x267.jpg\" alt=\"\" width=\"383\" height=\"255\" \/><p id=\"caption-attachment-2690\" class=\"wp-caption-text\"><em>Palazzo Comunale di Montieri<\/em><\/p><\/div>\n<p>\u2022Il <strong>Palazzo Comunale<\/strong> di Montieri,\u00a0progettato e realizzato da Lorenzo Porciatti nello<strong> stile neogotico<\/strong> tipico dell&#8217;architetto grossetano, fu completato nel 1901 in stile neogotico. Nel luogo in cui venne costruito sorgeva il pi\u00f9 antico Palazzo di Giustizia di Montieri, abbattuto per permettere la costruzione del nuovo edificio, adesso <strong>sede dell&#8217;amministrazione comunale<\/strong> e dell&#8217;ufficio turistico.<\/p>\n<p><strong>\u2022Palazzo Papi Mattii,<\/strong> noto anche come <strong>Palazzo dei Marchesi<\/strong>, fu costruito nel Seicento, mentre una ristrutturazione novecentesca ha <strong>sostituito<\/strong> le <strong>originarie pietre<\/strong> squadrate della facciata <strong>con mattoni<\/strong>.<br \/>\nSi presenta come un imponente palazzo con un loggiato a due archi al piano terra, dove sono situate le <strong>fonti pubbliche<\/strong>. Queste fonti ricevevano le <strong>acque dal Poggio di Montieri<\/strong> e furono costruite nel 1233, come attesta una lapide posta sul fronte. Al di sopra della lapide \u00e8 uno stemma marmoreo rappresentante un leone rampante, quello che Siena dette a Montieri dopo averne preso possesso. Il palazzo dei Marchesi fu realizzato sopra le fonti dopo il 1621, quando Vincenzo Salviati ricevette il marchesato di Montieri dal granduca Cosimo II.<\/p>\n<p>&nbsp;<\/p>\n","protected":false},"excerpt":{"rendered":"<p>Montieri si trova nel territorio delle Colline Metallifere grossetane ed \u00e8 noto per i grandi giacimenti di pirite, piombo e argento sfruttati sino agli anni novanta del XX secolo, quando fu chiusa la miniera di Campiano presso la frazione Boccheggiano. Il territorio di Montieri \u00e8 caratterizzato da grandi superfici boschive, che in passato hanno rappresentato [&hellip;]<\/p>\n","protected":false},"author":1,"featured_media":2676,"comment_status":"closed","ping_status":"open","sticky":false,"template":"","format":"standard","meta":{"footnotes":""},"categories":[314,1],"tags":[],"class_list":["post-2674","post","type-post","status-publish","format-standard","has-post-thumbnail","hentry","category-cultura","category-maremma"],"_links":{"self":[{"href":"https:\/\/www.maremma.it\/blog\/wp-json\/wp\/v2\/posts\/2674"}],"collection":[{"href":"https:\/\/www.maremma.it\/blog\/wp-json\/wp\/v2\/posts"}],"about":[{"href":"https:\/\/www.maremma.it\/blog\/wp-json\/wp\/v2\/types\/post"}],"author":[{"embeddable":true,"href":"https:\/\/www.maremma.it\/blog\/wp-json\/wp\/v2\/users\/1"}],"replies":[{"embeddable":true,"href":"https:\/\/www.maremma.it\/blog\/wp-json\/wp\/v2\/comments?post=2674"}],"version-history":[{"count":3,"href":"https:\/\/www.maremma.it\/blog\/wp-json\/wp\/v2\/posts\/2674\/revisions"}],"predecessor-version":[{"id":2691,"href":"https:\/\/www.maremma.it\/blog\/wp-json\/wp\/v2\/posts\/2674\/revisions\/2691"}],"wp:featuredmedia":[{"embeddable":true,"href":"https:\/\/www.maremma.it\/blog\/wp-json\/wp\/v2\/media\/2676"}],"wp:attachment":[{"href":"https:\/\/www.maremma.it\/blog\/wp-json\/wp\/v2\/media?parent=2674"}],"wp:term":[{"taxonomy":"category","embeddable":true,"href":"https:\/\/www.maremma.it\/blog\/wp-json\/wp\/v2\/categories?post=2674"},{"taxonomy":"post_tag","embeddable":true,"href":"https:\/\/www.maremma.it\/blog\/wp-json\/wp\/v2\/tags?post=2674"}],"curies":[{"name":"wp","href":"https:\/\/api.w.org\/{rel}","templated":true}]}}