{"id":3109,"date":"2024-09-18T08:31:57","date_gmt":"2024-09-18T07:31:57","guid":{"rendered":"https:\/\/www.maremma.it\/blog\/?p=3109"},"modified":"2024-09-18T08:31:57","modified_gmt":"2024-09-18T07:31:57","slug":"museolab-museo-laboratorio-della-citta-di-grosseto","status":"publish","type":"post","link":"https:\/\/www.maremma.it\/blog\/museolab-museo-laboratorio-della-citta-di-grosseto\/","title":{"rendered":"Museolab \u2013 Museo Laboratorio della Citt\u00e0 di Grosseto"},"content":{"rendered":"<div class=\"flex max-w-full flex-col flex-grow\">\n<div class=\"min-h-[20px] text-message flex w-full flex-col items-end gap-2 whitespace-normal break-words [.text-message+&amp;]:mt-5\" dir=\"auto\" data-message-author-role=\"assistant\" data-message-id=\"7c0ffe5f-69a4-4046-b043-13574c2f2edf\">\n<div class=\"flex w-full flex-col gap-1 empty:hidden first:pt-[3px]\">\n<div class=\"markdown prose w-full break-words dark:prose-invert light\">\n<p><strong>Indirizzo:<\/strong><br \/>\nVia Vinzaglio 27, Grosseto<\/p>\n<p><strong>Il Museo<\/strong><br \/>\nMuseolab \u00e8 dedicato alla storia di Grosseto e del suo territorio dalla fine dell&#8217;antichit\u00e0 fino all&#8217;Unit\u00e0 d&#8217;Italia. Fondato nel 2004, \u00e8 il risultato di un progetto di archeologia urbana condotto tra il 1998 e il 2003, frutto della collaborazione tra l&#8217;Amministrazione Comunale di Grosseto, l&#8217;Universit\u00e0 di Siena e la Soprintendenza Archeologica per la Toscana. Il museo si distingue per la sua impostazione interattiva e didattica, mirata a rendere l&#8217;esperienza del visitatore coinvolgente attraverso l&#8217;esposizione di materiali e risultati delle ricerche archeologiche. Il percorso espositivo segue un ordine cronologico inverso, riflettendo il metodo dell&#8217;archeologo che scava partendo dagli strati pi\u00f9 recenti.<\/p>\n<p><strong>Attivit\u00e0:<\/strong><\/p>\n<ul>\n<li>Tirocini formativi curriculari per studenti universitari<\/li>\n<li>Percorsi di alternanza scuola-lavoro con attivit\u00e0 didattica laboratoriale<\/li>\n<\/ul>\n<p><strong>Bookshop:<\/strong><br \/>\nNo<\/p>\n<p><strong>Accessibilit\u00e0 diversamente abili:<\/strong><br \/>\nAccessibile<\/p>\n<p><strong>Orario:<\/strong><\/p>\n<ul>\n<li><strong>Mercoled\u00ec \u2013 Venerd\u00ec \u2013 Sabato:<\/strong> 14:00 \u2013 19:00<\/li>\n<li><strong>Marted\u00ec e Gioved\u00ec:<\/strong> 09:00 \u2013 13:30 e 14:00 \u2013 19:00<\/li>\n<\/ul>\n<p><strong>Prezzo:<\/strong><br \/>\nIngresso gratuito<\/p>\n<p><strong>Contatti:<\/strong><br \/>\nInfo e prenotazioni: 0564-760400\/416<br \/>\nEmail: <a rel=\"noopener\">senserini@unisi.it<\/a><br \/>\nEmail: <a rel=\"noopener\">pologr@unisi.it<\/a><br \/>\nWeb: <a href=\"http:\/\/www.polouniversitariogrosseto.it\" target=\"_new\" rel=\"noopener\">polouniversitariogrosseto.it<\/a><br \/>\nWeb: <a href=\"http:\/\/www.dssbc.it\" target=\"_new\" rel=\"noopener\">dssbc.it<\/a><\/p>\n<\/div>\n<\/div>\n<\/div>\n<\/div>\n<div class=\"mt-1 flex gap-3 empty:hidden -ml-2\">\n<div class=\"items-center justify-start rounded-xl p-1 flex\">\n<div class=\"flex items-center\"><button class=\"rounded-lg text-token-text-secondary hover:bg-token-main-surface-secondary\" aria-label=\"Read Aloud\" data-testid=\"voice-play-turn-action-button\"><\/button><button class=\"rounded-lg text-token-text-secondary hover:bg-token-main-surface-secondary\" aria-label=\"Copia\" data-testid=\"copy-turn-action-button\"><\/button><\/p>\n<div class=\"flex\"><\/div>\n<div class=\"flex items-center pb-0\"><span class=\"overflow-hidden text-clip whitespace-nowrap text-sm\">4o mini<\/span><\/div>\n<\/div>\n<\/div>\n<\/div>\n","protected":false},"excerpt":{"rendered":"<p>Indirizzo: Via Vinzaglio 27, Grosseto Il Museo Museolab \u00e8 dedicato alla storia di Grosseto e del suo territorio dalla fine dell&#8217;antichit\u00e0 fino all&#8217;Unit\u00e0 d&#8217;Italia. Fondato nel 2004, \u00e8 il risultato di un progetto di archeologia urbana condotto tra il 1998 e il 2003, frutto della collaborazione tra l&#8217;Amministrazione Comunale di Grosseto, l&#8217;Universit\u00e0 di Siena e [&hellip;]<\/p>\n","protected":false},"author":1,"featured_media":0,"comment_status":"closed","ping_status":"open","sticky":false,"template":"","format":"standard","meta":{"footnotes":""},"categories":[323],"tags":[],"class_list":["post-3109","post","type-post","status-publish","format-standard","hentry","category-musei"],"_links":{"self":[{"href":"https:\/\/www.maremma.it\/blog\/wp-json\/wp\/v2\/posts\/3109"}],"collection":[{"href":"https:\/\/www.maremma.it\/blog\/wp-json\/wp\/v2\/posts"}],"about":[{"href":"https:\/\/www.maremma.it\/blog\/wp-json\/wp\/v2\/types\/post"}],"author":[{"embeddable":true,"href":"https:\/\/www.maremma.it\/blog\/wp-json\/wp\/v2\/users\/1"}],"replies":[{"embeddable":true,"href":"https:\/\/www.maremma.it\/blog\/wp-json\/wp\/v2\/comments?post=3109"}],"version-history":[{"count":1,"href":"https:\/\/www.maremma.it\/blog\/wp-json\/wp\/v2\/posts\/3109\/revisions"}],"predecessor-version":[{"id":3110,"href":"https:\/\/www.maremma.it\/blog\/wp-json\/wp\/v2\/posts\/3109\/revisions\/3110"}],"wp:attachment":[{"href":"https:\/\/www.maremma.it\/blog\/wp-json\/wp\/v2\/media?parent=3109"}],"wp:term":[{"taxonomy":"category","embeddable":true,"href":"https:\/\/www.maremma.it\/blog\/wp-json\/wp\/v2\/categories?post=3109"},{"taxonomy":"post_tag","embeddable":true,"href":"https:\/\/www.maremma.it\/blog\/wp-json\/wp\/v2\/tags?post=3109"}],"curies":[{"name":"wp","href":"https:\/\/api.w.org\/{rel}","templated":true}]}}